{"id":461,"date":"2016-06-13T20:18:07","date_gmt":"2016-06-13T18:18:07","guid":{"rendered":"http:\/\/www.thekla.at\/wien4mit5\/?p=461"},"modified":"2016-06-13T20:18:07","modified_gmt":"2016-06-13T18:18:07","slug":"gemeinsame-pgr-klausur-3-6-2016","status":"publish","type":"post","link":"http:\/\/www.thekla.at\/wien4mit5\/?p=461","title":{"rendered":"Gemeinsame PGR-Klausur, 3.6.2016"},"content":{"rendered":"<p><strong><u>Gemeinsame PGR-Klausur aller PGRs \u2013 3. 6. 2016<\/u><\/strong><\/p>\n<p><strong>Auf dem Weg zur \u201egemeinsamen Pfarre in mehreren Gemeinden\u201c<\/strong><\/p>\n<p>Viele sind hier engagiert, um einen guten Weg zu erarbeiten: Mit 1. 1. 2017 wollen die Pfarren St. Elisabeth, St. Florian, St. Karl, St. Thekla und Wieden unter dem Dach einer gemeinsamen Pfarre leben \u2013 das allt\u00e4gliche Leben wird sich nat\u00fcrlich weiterhin in unseren Gemeinden vor Ort \u201eabspielen\u201d (mit Messe, Pfarrb\u00fcro-\u00d6ffnung, klare Zuordnung von Priestern und hauptamtlichen Seelsorger\/inne\/n etc.). Um dies zu f\u00f6rdern, zu erm\u00f6glichen und <em>heute <\/em>(und dementsprechend mit <em>heutigen<\/em> Strukturen und Formen) Kirche Jesu zu leben, bilden wir ein gemeinsames Dach der \u201egemeinsamen Pfarre\u201c!<br \/>\n<strong>Gemeinsame PGR-Klausur<\/strong> aller 5 PGR-Teams am vergangenen Freitag \u2013 in wirklich toller, sowie engagierter Stimmung: Das <a href=\"http:\/\/www.thekla.at\/wien4mit5\/wp-content\/uploads\/2016\/05\/Pastoralkonzept-der-gem.-Pfr.-in-mehr.-Gem.-Stand-2016_05_28-Hp.pdf\"><strong>Pastoralkonzept<\/strong><\/a> (eine dzt. 34seitige Beschreibung und Zusammenfassung unseres gemeinsamen Weges bis Ende 2016, sowie dann als \u201eGemeinsame Pfarre in mehreren Gemeinden\u201c) wurde intensiv diskutiert \u2013 stark: In einer Aufstellung sprachen sich die Anwesenden mit <strong>80-100% Zustimmung <\/strong>f\u00fcr diesen Weg aus.<br \/>\nEs wurde begonnen, die Umfrage \u201e<strong>Raumgerechte Pastoral<\/strong>\u201c (in Zusammenarbeit mit Prof. Paul Zulehner) auszuwerten: 112 Personen (Eli: 36, Thek: 27, Flo: 21, Wied: 6, Karl 4) \u00fcberwiegend aus dem Kreis der pfarrlich sehr Engagierten haben (trotz sehr schwieriger Fragen, die eigentlich f\u00fcr hauptberufliche Seelsorger\/innen verfasst wurden) teilgenommen \u2013 vielen Dank! Aus den Ergebnissen:<br \/>\n*) Der \u00fcberwiegende Teil feiert bewusst in \u201eseiner\u201c Messe\/Gemeinde bzw. richtet sich nach der Mess-Gestaltung (wenig \u201eHauptsache eine Messe\u201c).<br \/>\n*) Stark-positive R\u00fcckmeldungen zur M\u00f6glichkeit der Beteiligung an unserem Umgestaltungsprozess.: 35% sahen \u201ezeitweise Beteiligungsm\u00f6glichkeit\u201c, 51% fanden die M\u00f6glichkeit zur Beteiligung \u201esehr gut\u201c.<br \/>\n*) Bei der Zuordnung, was in Zukunft in der \u201eGemeinde\u201c (St. Elisabeth, St. Florian, \u2026) oder auf Ebene der \u201egemeinsamen Pfarre\u201c angesetzt sein soll, waren die Zuordnung fast vollst\u00e4ndig deckungsgleich mit dem, was wir schon davor in unserem \u201ePastoralkonzept\u201c (siehe Homepage) erarbeitet haben: Wichtig ist prim\u00e4r das Leben in der Gemeinde, wo Gottesdienst, N\u00e4he zu den Menschen, Erreichbarkeiten etc. gesichert sein m\u00fcssen (und werden).<br \/>\n*) \u00dcber die konkreten, aus der Umfrage resultierenden \u201eAuftr\u00e4ge\u201c uns unsere Gemeinden St. Elisabeth und St. Florian werden wir detailliert in den Pfarrgemeinder\u00e4ten weiter nachdenken!<br \/>\nDetail-Ergebnisse auf der Homepage unseres Miteinanders (siehe unten)!<\/p>\n<p><strong>Name<\/strong> f\u00fcr unsere \u201eGemeinsame Pfarre in mehreren Gemeinden\u201c: \u201eVolksabstimmung\u201c am So, 12. 6. 2016 bei allen Sonntagsmessen<br \/>\nDie vielen Namensvorschl\u00e4ge wurden bei der gemeinsamen PGR-Klausur auf 5 Namen verdichtet; diese sind:<br \/>\n*) Pfarre zur frohen Botschaft<br \/>\n-&gt; Neben den Pfarr-Patronen kein zus\u00e4tzlicher \u201e\u00dcber-Heiliger\u201c; wir haben als Kern eine frohe Lebensbotschaft; es ist eine gute Klammer \u00fcber all unser Tun, \u2026 und das im Viertel, wo vielf\u00e4ltige (L\u00e4nder-)Botschaften zu Hause sind \u2013 hier haben wir die frohe Botschaft!<br \/>\n*) Pfarre zur g\u00f6ttlichen Liebe<br \/>\n-&gt; \u201eLiebe\u201c sagt alles aus; da hat jede\/r einen Zugang dazu \u2013 es ist der Kern der Botschaft Gottes; es umfasst alles und grenzt niemand aus!<br \/>\n*) Pfarre zum Hl. Geist<br \/>\n-&gt; Die \u00e4lteste Kirchliche Institution im Gebiet unserer Pfarre war das \u201eHeilig-Geist-Spital\u201c, auch hier: kein \u201e\u00dcberheiliger\u201c, sondern etwas alle Verbindende; Am Anfang der Kirche wirkte (Pfingsten!) der Heilige Geist \u2013 wir starten einen neuen Anfang; Hl. Geist als lebensschaffende Kraft Gottes; Name ist klar &amp; pr\u00e4gnant!<br \/>\n*) Pfarre Sel. Sr. Restituta<br \/>\n-&gt;\u00a0 Eine vorbildliche Frau \u2013 mit beiden Beinen am Boden verankert und mit dem Himmel verbunden; Ordens-eintritt im Gebiet unserer Pfarre (Hartmann-Schwestern), mutig &amp; engagiert &amp; mit Zivilcourage (Tugenden f\u00fcr uns!) \u2013 was ihr unter der Nazi-Diktatur in ihrem Bekenntnis f\u00fcr Jesus &amp; die Menschen das Leben kostete; 1. M\u00e4rtyrerin unserer Di\u00f6zese!<br \/>\n*) Pfarre zum Wasser des Lebens!<br \/>\n-&gt; vgl. Psalm 23 oder andere: Gott ist die Quelle des Lebens \u2013 so soll es auch in unserer Pfarre sein: Wir brauchen IHN zum Leben; heutiger Name mit viel Lebens-Inspiration!<\/p>\n<p>Am So, 12. 6. (wer verhindert ist: in den Tagen davor in den Pfarrb\u00fcros): \u201eVolksabstimmung\u201c (das \u201eVolk Gottes\u201c stimmt sich auf eine Linie ab) dar\u00fcber, welchen Namen wir unserem Bischof f\u00fcr unsere gemeinsame Pfarre empfehlen wollen.<br \/>\nBitte \u00fcberlegt und betet dar\u00fcber (nicht: \u201eWas gef\u00e4llt mir?\u201c, sondern: \u201eWas ist f\u00fcr unser gr\u00f6\u00dferes Miteinander Pfarre gut?\u201c \u2013 \u201eWas will wohl unser Herr?\u201c) \u2013 und stimmt ab! Stimmberechtigung wie bei der PGR-Wahl \u2013 ergo: alle, die sich zur Pfarrgemeinde zugeh\u00f6rig f\u00fchlen, auch Kinder (bei kleinen Kindern: Aus\u00fcbung des Stimmrechtes durch einen Elternteil).<\/p>\n<p>Fotos: Harald Strasser<\/p>\n<div id='gallery-1' class='gallery galleryid-461 gallery-columns-4 gallery-size-thumbnail'><figure class='gallery-item'>\n\t\t\t<div class='gallery-icon landscape'>\n\t\t\t\t<a href='http:\/\/www.thekla.at\/wien4mit5\/?attachment_id=462'><img width=\"150\" height=\"150\" src=\"http:\/\/www.thekla.at\/wien4mit5\/wp-content\/uploads\/2016\/06\/PGR-Klausur-2016_06_03-HStr-101-klein-150x150.jpg\" class=\"attachment-thumbnail size-thumbnail\" alt=\"\" loading=\"lazy\" \/><\/a>\n\t\t\t<\/div><\/figure><figure class='gallery-item'>\n\t\t\t<div class='gallery-icon portrait'>\n\t\t\t\t<a href='http:\/\/www.thekla.at\/wien4mit5\/?attachment_id=463'><img width=\"150\" height=\"150\" src=\"http:\/\/www.thekla.at\/wien4mit5\/wp-content\/uploads\/2016\/06\/PGR-Klausur-2016_06_03-HStr-102-klein-150x150.jpg\" class=\"attachment-thumbnail size-thumbnail\" alt=\"\" loading=\"lazy\" \/><\/a>\n\t\t\t<\/div><\/figure><figure class='gallery-item'>\n\t\t\t<div class='gallery-icon landscape'>\n\t\t\t\t<a href='http:\/\/www.thekla.at\/wien4mit5\/?attachment_id=464'><img width=\"150\" height=\"150\" src=\"http:\/\/www.thekla.at\/wien4mit5\/wp-content\/uploads\/2016\/06\/PGR-Klausur-2016_06_03-HStr-103-klein-150x150.jpg\" class=\"attachment-thumbnail size-thumbnail\" alt=\"\" loading=\"lazy\" \/><\/a>\n\t\t\t<\/div><\/figure><figure class='gallery-item'>\n\t\t\t<div class='gallery-icon landscape'>\n\t\t\t\t<a href='http:\/\/www.thekla.at\/wien4mit5\/?attachment_id=465'><img width=\"150\" height=\"150\" src=\"http:\/\/www.thekla.at\/wien4mit5\/wp-content\/uploads\/2016\/06\/PGR-Klausur-2016_06_03-HStr-104-klein-150x150.jpg\" class=\"attachment-thumbnail size-thumbnail\" alt=\"\" loading=\"lazy\" \/><\/a>\n\t\t\t<\/div><\/figure><figure class='gallery-item'>\n\t\t\t<div class='gallery-icon landscape'>\n\t\t\t\t<a href='http:\/\/www.thekla.at\/wien4mit5\/?attachment_id=466'><img width=\"150\" height=\"150\" src=\"http:\/\/www.thekla.at\/wien4mit5\/wp-content\/uploads\/2016\/06\/PGR-Klausur-2016_06_03-HStr-105-klein-150x150.jpg\" class=\"attachment-thumbnail size-thumbnail\" alt=\"\" loading=\"lazy\" \/><\/a>\n\t\t\t<\/div><\/figure><figure class='gallery-item'>\n\t\t\t<div class='gallery-icon landscape'>\n\t\t\t\t<a href='http:\/\/www.thekla.at\/wien4mit5\/?attachment_id=467'><img width=\"150\" height=\"150\" src=\"http:\/\/www.thekla.at\/wien4mit5\/wp-content\/uploads\/2016\/06\/PGR-Klausur-2016_06_03-HStr-106-klein-150x150.jpg\" class=\"attachment-thumbnail size-thumbnail\" alt=\"\" loading=\"lazy\" \/><\/a>\n\t\t\t<\/div><\/figure><figure class='gallery-item'>\n\t\t\t<div class='gallery-icon landscape'>\n\t\t\t\t<a href='http:\/\/www.thekla.at\/wien4mit5\/?attachment_id=468'><img width=\"150\" height=\"150\" src=\"http:\/\/www.thekla.at\/wien4mit5\/wp-content\/uploads\/2016\/06\/PGR-Klausur-2016_06_03-HStr-107-klein-150x150.jpg\" class=\"attachment-thumbnail size-thumbnail\" alt=\"\" loading=\"lazy\" \/><\/a>\n\t\t\t<\/div><\/figure><figure class='gallery-item'>\n\t\t\t<div class='gallery-icon landscape'>\n\t\t\t\t<a href='http:\/\/www.thekla.at\/wien4mit5\/?attachment_id=469'><img width=\"150\" height=\"150\" src=\"http:\/\/www.thekla.at\/wien4mit5\/wp-content\/uploads\/2016\/06\/PGR-Klausur-2016_06_03-HStr-108-klein-150x150.jpg\" class=\"attachment-thumbnail size-thumbnail\" alt=\"\" loading=\"lazy\" \/><\/a>\n\t\t\t<\/div><\/figure><figure class='gallery-item'>\n\t\t\t<div class='gallery-icon landscape'>\n\t\t\t\t<a href='http:\/\/www.thekla.at\/wien4mit5\/?attachment_id=470'><img width=\"150\" height=\"150\" src=\"http:\/\/www.thekla.at\/wien4mit5\/wp-content\/uploads\/2016\/06\/PGR-Klausur-2016_06_03-HStr-109-klein-150x150.jpg\" class=\"attachment-thumbnail size-thumbnail\" alt=\"\" loading=\"lazy\" \/><\/a>\n\t\t\t<\/div><\/figure><figure class='gallery-item'>\n\t\t\t<div class='gallery-icon landscape'>\n\t\t\t\t<a href='http:\/\/www.thekla.at\/wien4mit5\/?attachment_id=471'><img width=\"150\" height=\"150\" src=\"http:\/\/www.thekla.at\/wien4mit5\/wp-content\/uploads\/2016\/06\/PGR-Klausur-2016_06_03-HStr-110-klein-150x150.jpg\" class=\"attachment-thumbnail size-thumbnail\" alt=\"\" loading=\"lazy\" \/><\/a>\n\t\t\t<\/div><\/figure><figure class='gallery-item'>\n\t\t\t<div class='gallery-icon landscape'>\n\t\t\t\t<a href='http:\/\/www.thekla.at\/wien4mit5\/?attachment_id=472'><img width=\"150\" height=\"150\" src=\"http:\/\/www.thekla.at\/wien4mit5\/wp-content\/uploads\/2016\/06\/PGR-Klausur-2016_06_03-HStr-111-klein-150x150.jpg\" class=\"attachment-thumbnail size-thumbnail\" alt=\"\" loading=\"lazy\" \/><\/a>\n\t\t\t<\/div><\/figure><figure class='gallery-item'>\n\t\t\t<div class='gallery-icon landscape'>\n\t\t\t\t<a href='http:\/\/www.thekla.at\/wien4mit5\/?attachment_id=473'><img width=\"150\" height=\"150\" src=\"http:\/\/www.thekla.at\/wien4mit5\/wp-content\/uploads\/2016\/06\/PGR-Klausur-2016_06_03-HStr-112-klein-150x150.jpg\" class=\"attachment-thumbnail size-thumbnail\" alt=\"\" loading=\"lazy\" \/><\/a>\n\t\t\t<\/div><\/figure><figure class='gallery-item'>\n\t\t\t<div class='gallery-icon landscape'>\n\t\t\t\t<a href='http:\/\/www.thekla.at\/wien4mit5\/?attachment_id=474'><img width=\"150\" height=\"150\" src=\"http:\/\/www.thekla.at\/wien4mit5\/wp-content\/uploads\/2016\/06\/PGR-Klausur-2016_06_03-HStr-113-klein-150x150.jpg\" class=\"attachment-thumbnail size-thumbnail\" alt=\"\" loading=\"lazy\" \/><\/a>\n\t\t\t<\/div><\/figure><figure class='gallery-item'>\n\t\t\t<div class='gallery-icon landscape'>\n\t\t\t\t<a href='http:\/\/www.thekla.at\/wien4mit5\/?attachment_id=475'><img width=\"150\" height=\"150\" src=\"http:\/\/www.thekla.at\/wien4mit5\/wp-content\/uploads\/2016\/06\/PGR-Klausur-2016_06_03-HStr-114-klein-150x150.jpg\" class=\"attachment-thumbnail size-thumbnail\" alt=\"\" loading=\"lazy\" \/><\/a>\n\t\t\t<\/div><\/figure><figure class='gallery-item'>\n\t\t\t<div class='gallery-icon landscape'>\n\t\t\t\t<a href='http:\/\/www.thekla.at\/wien4mit5\/?attachment_id=476'><img width=\"150\" height=\"150\" src=\"http:\/\/www.thekla.at\/wien4mit5\/wp-content\/uploads\/2016\/06\/PGR-Klausur-2016_06_03-HStr-115-klein-150x150.jpg\" class=\"attachment-thumbnail size-thumbnail\" alt=\"\" loading=\"lazy\" \/><\/a>\n\t\t\t<\/div><\/figure><figure class='gallery-item'>\n\t\t\t<div class='gallery-icon landscape'>\n\t\t\t\t<a href='http:\/\/www.thekla.at\/wien4mit5\/?attachment_id=477'><img width=\"150\" height=\"150\" src=\"http:\/\/www.thekla.at\/wien4mit5\/wp-content\/uploads\/2016\/06\/PGR-Klausur-2016_06_03-HStr-116-klein-150x150.jpg\" class=\"attachment-thumbnail size-thumbnail\" alt=\"\" loading=\"lazy\" \/><\/a>\n\t\t\t<\/div><\/figure><figure class='gallery-item'>\n\t\t\t<div class='gallery-icon landscape'>\n\t\t\t\t<a href='http:\/\/www.thekla.at\/wien4mit5\/?attachment_id=478'><img width=\"150\" height=\"150\" src=\"http:\/\/www.thekla.at\/wien4mit5\/wp-content\/uploads\/2016\/06\/PGR-Klausur-2016_06_03-HStr-117-klein-150x150.jpg\" class=\"attachment-thumbnail size-thumbnail\" alt=\"\" loading=\"lazy\" \/><\/a>\n\t\t\t<\/div><\/figure><figure class='gallery-item'>\n\t\t\t<div class='gallery-icon landscape'>\n\t\t\t\t<a href='http:\/\/www.thekla.at\/wien4mit5\/?attachment_id=479'><img width=\"150\" height=\"150\" src=\"http:\/\/www.thekla.at\/wien4mit5\/wp-content\/uploads\/2016\/06\/PGR-Klausur-2016_06_03-HStr-118-klein-150x150.jpg\" class=\"attachment-thumbnail size-thumbnail\" alt=\"\" loading=\"lazy\" \/><\/a>\n\t\t\t<\/div><\/figure><figure class='gallery-item'>\n\t\t\t<div class='gallery-icon portrait'>\n\t\t\t\t<a href='http:\/\/www.thekla.at\/wien4mit5\/?attachment_id=480'><img width=\"150\" height=\"150\" src=\"http:\/\/www.thekla.at\/wien4mit5\/wp-content\/uploads\/2016\/06\/PGR-Klausur-2016_06_03-HStr-119-klein-150x150.jpg\" class=\"attachment-thumbnail size-thumbnail\" alt=\"\" loading=\"lazy\" \/><\/a>\n\t\t\t<\/div><\/figure><figure class='gallery-item'>\n\t\t\t<div class='gallery-icon landscape'>\n\t\t\t\t<a href='http:\/\/www.thekla.at\/wien4mit5\/?attachment_id=481'><img width=\"150\" height=\"150\" src=\"http:\/\/www.thekla.at\/wien4mit5\/wp-content\/uploads\/2016\/06\/PGR-Klausur-2016_06_03-HStr-123-klein-150x150.jpg\" class=\"attachment-thumbnail size-thumbnail\" alt=\"\" loading=\"lazy\" \/><\/a>\n\t\t\t<\/div><\/figure><figure class='gallery-item'>\n\t\t\t<div class='gallery-icon landscape'>\n\t\t\t\t<a href='http:\/\/www.thekla.at\/wien4mit5\/?attachment_id=482'><img width=\"150\" height=\"150\" src=\"http:\/\/www.thekla.at\/wien4mit5\/wp-content\/uploads\/2016\/06\/PGR-Klausur-2016_06_03-HStr-125-klein-150x150.jpg\" class=\"attachment-thumbnail size-thumbnail\" alt=\"\" loading=\"lazy\" \/><\/a>\n\t\t\t<\/div><\/figure><figure class='gallery-item'>\n\t\t\t<div class='gallery-icon landscape'>\n\t\t\t\t<a href='http:\/\/www.thekla.at\/wien4mit5\/?attachment_id=483'><img width=\"150\" height=\"150\" src=\"http:\/\/www.thekla.at\/wien4mit5\/wp-content\/uploads\/2016\/06\/PGR-Klausur-2016_06_03-HStr-126-klein-150x150.jpg\" class=\"attachment-thumbnail size-thumbnail\" alt=\"\" loading=\"lazy\" \/><\/a>\n\t\t\t<\/div><\/figure><figure class='gallery-item'>\n\t\t\t<div class='gallery-icon landscape'>\n\t\t\t\t<a href='http:\/\/www.thekla.at\/wien4mit5\/?attachment_id=484'><img width=\"150\" height=\"150\" src=\"http:\/\/www.thekla.at\/wien4mit5\/wp-content\/uploads\/2016\/06\/PGR-Klausur-2016_06_03-HStr-127-klein-150x150.jpg\" class=\"attachment-thumbnail size-thumbnail\" alt=\"\" loading=\"lazy\" \/><\/a>\n\t\t\t<\/div><\/figure><figure class='gallery-item'>\n\t\t\t<div class='gallery-icon portrait'>\n\t\t\t\t<a href='http:\/\/www.thekla.at\/wien4mit5\/?attachment_id=485'><img width=\"150\" height=\"150\" src=\"http:\/\/www.thekla.at\/wien4mit5\/wp-content\/uploads\/2016\/06\/PGR-Klausur-2016_06_03-HStr-128-klein-150x150.jpg\" class=\"attachment-thumbnail size-thumbnail\" alt=\"\" loading=\"lazy\" \/><\/a>\n\t\t\t<\/div><\/figure><figure class='gallery-item'>\n\t\t\t<div class='gallery-icon landscape'>\n\t\t\t\t<a href='http:\/\/www.thekla.at\/wien4mit5\/?attachment_id=486'><img width=\"150\" height=\"150\" src=\"http:\/\/www.thekla.at\/wien4mit5\/wp-content\/uploads\/2016\/06\/PGR-Klausur-2016_06_03-HStr-129-klein-150x150.jpg\" class=\"attachment-thumbnail size-thumbnail\" alt=\"\" loading=\"lazy\" \/><\/a>\n\t\t\t<\/div><\/figure><figure class='gallery-item'>\n\t\t\t<div class='gallery-icon landscape'>\n\t\t\t\t<a href='http:\/\/www.thekla.at\/wien4mit5\/?attachment_id=487'><img width=\"150\" height=\"150\" src=\"http:\/\/www.thekla.at\/wien4mit5\/wp-content\/uploads\/2016\/06\/PGR-Klausur-2016_06_03-HStr-130-klein-150x150.jpg\" class=\"attachment-thumbnail size-thumbnail\" alt=\"\" loading=\"lazy\" \/><\/a>\n\t\t\t<\/div><\/figure><figure class='gallery-item'>\n\t\t\t<div class='gallery-icon landscape'>\n\t\t\t\t<a href='http:\/\/www.thekla.at\/wien4mit5\/?attachment_id=488'><img width=\"150\" height=\"150\" src=\"http:\/\/www.thekla.at\/wien4mit5\/wp-content\/uploads\/2016\/06\/PGR-Klausur-2016_06_03-HStr-131-klein-150x150.jpg\" class=\"attachment-thumbnail size-thumbnail\" alt=\"\" loading=\"lazy\" \/><\/a>\n\t\t\t<\/div><\/figure><figure class='gallery-item'>\n\t\t\t<div class='gallery-icon landscape'>\n\t\t\t\t<a href='http:\/\/www.thekla.at\/wien4mit5\/?attachment_id=489'><img width=\"150\" height=\"150\" src=\"http:\/\/www.thekla.at\/wien4mit5\/wp-content\/uploads\/2016\/06\/PGR-Klausur-2016_06_03-HStr-132-klein-150x150.jpg\" class=\"attachment-thumbnail size-thumbnail\" alt=\"\" loading=\"lazy\" \/><\/a>\n\t\t\t<\/div><\/figure><figure class='gallery-item'>\n\t\t\t<div class='gallery-icon landscape'>\n\t\t\t\t<a href='http:\/\/www.thekla.at\/wien4mit5\/?attachment_id=490'><img width=\"150\" height=\"150\" src=\"http:\/\/www.thekla.at\/wien4mit5\/wp-content\/uploads\/2016\/06\/PGR-Klausur-2016_06_03-HStr-134-klein-150x150.jpg\" class=\"attachment-thumbnail size-thumbnail\" alt=\"\" loading=\"lazy\" \/><\/a>\n\t\t\t<\/div><\/figure><figure class='gallery-item'>\n\t\t\t<div class='gallery-icon landscape'>\n\t\t\t\t<a href='http:\/\/www.thekla.at\/wien4mit5\/?attachment_id=491'><img width=\"150\" height=\"150\" src=\"http:\/\/www.thekla.at\/wien4mit5\/wp-content\/uploads\/2016\/06\/PGR-Klausur-2016_06_03-HStr-135-klein-150x150.jpg\" class=\"attachment-thumbnail size-thumbnail\" alt=\"\" loading=\"lazy\" \/><\/a>\n\t\t\t<\/div><\/figure>\n\t\t<\/div>\n\n","protected":false},"excerpt":{"rendered":"<p>Gemeinsame PGR-Klausur aller PGRs \u2013 3. 6. 2016 Auf dem Weg zur \u201egemeinsamen Pfarre in mehreren Gemeinden\u201c Viele sind hier engagiert, um einen guten Weg zu erarbeiten: Mit 1. 1. 2017 wollen die Pfarren St. Elisabeth, St. Florian, St. Karl, St. Thekla und Wieden unter dem Dach einer gemeinsamen Pfarre leben \u2013 das allt\u00e4gliche Leben &hellip; <a href=\"http:\/\/www.thekla.at\/wien4mit5\/?p=461\" class=\"more-link\"><span class=\"screen-reader-text\">&#8222;Gemeinsame PGR-Klausur, 3.6.2016&#8220; <\/span>weiterlesen<\/a><\/p>\n","protected":false},"author":1,"featured_media":0,"comment_status":"open","ping_status":"open","sticky":false,"template":"","format":"gallery","meta":[],"categories":[1],"tags":[],"_links":{"self":[{"href":"http:\/\/www.thekla.at\/wien4mit5\/index.php?rest_route=\/wp\/v2\/posts\/461"}],"collection":[{"href":"http:\/\/www.thekla.at\/wien4mit5\/index.php?rest_route=\/wp\/v2\/posts"}],"about":[{"href":"http:\/\/www.thekla.at\/wien4mit5\/index.php?rest_route=\/wp\/v2\/types\/post"}],"author":[{"embeddable":true,"href":"http:\/\/www.thekla.at\/wien4mit5\/index.php?rest_route=\/wp\/v2\/users\/1"}],"replies":[{"embeddable":true,"href":"http:\/\/www.thekla.at\/wien4mit5\/index.php?rest_route=%2Fwp%2Fv2%2Fcomments&post=461"}],"version-history":[{"count":1,"href":"http:\/\/www.thekla.at\/wien4mit5\/index.php?rest_route=\/wp\/v2\/posts\/461\/revisions"}],"predecessor-version":[{"id":492,"href":"http:\/\/www.thekla.at\/wien4mit5\/index.php?rest_route=\/wp\/v2\/posts\/461\/revisions\/492"}],"wp:attachment":[{"href":"http:\/\/www.thekla.at\/wien4mit5\/index.php?rest_route=%2Fwp%2Fv2%2Fmedia&parent=461"}],"wp:term":[{"taxonomy":"category","embeddable":true,"href":"http:\/\/www.thekla.at\/wien4mit5\/index.php?rest_route=%2Fwp%2Fv2%2Fcategories&post=461"},{"taxonomy":"post_tag","embeddable":true,"href":"http:\/\/www.thekla.at\/wien4mit5\/index.php?rest_route=%2Fwp%2Fv2%2Ftags&post=461"}],"curies":[{"name":"wp","href":"https:\/\/api.w.org\/{rel}","templated":true}]}}