{"id":542,"date":"2016-09-07T13:54:05","date_gmt":"2016-09-07T11:54:05","guid":{"rendered":"http:\/\/www.thekla.at\/wien4mit5\/?p=542"},"modified":"2016-09-07T14:38:02","modified_gmt":"2016-09-07T12:38:02","slug":"willkommen-zur-pilger-reise-ins-heilige-land","status":"publish","type":"post","link":"http:\/\/www.thekla.at\/wien4mit5\/?p=542","title":{"rendered":"Willkommen zur Pilger-Reise ins Heilige Land"},"content":{"rendered":"<p><strong><u>Als Start in die \u201eGemeinsame Pfarre in mehreren Gemeinden\u201c:<br \/>\n<\/u><\/strong><\/p>\n<p><strong><u>Willkommen zur Pilger-Reise ins Heilige Land<br \/>\nunserer Pfarre zur Frohen Botschaft<br \/>\n<\/u><\/strong>(St. Elisabeth, St. Florian, St. Karl, St. Thekla und Wieden\/Paulanerkirche)<\/p>\n<p>Willkommen, die gemeinsame Zeit als \u201ePfarre zur frohen Botschaft\u201c mit einer Pilgerreise zu beginnen! Wir werden zu den Grundst\u00e4tten unseres Glaubens reisen, das \u201e5. Evangelium\u201c (wie das Heilige Land oft genannt wird) gemeinsam erkunden: Nicht touristisch, sondern bewusst als Pilgerreise, mit der Bibel in der Hand, einer gro\u00dfen Portion Spa\u00df und Genuss, mit gemeinsamem Austausch, Nachsp\u00fcren und Gebet \u2013 um neu mit verschiedenen Facetten unseres Glaubens in Ber\u00fchrung zu kommen.<\/p>\n<p>Wir sind 9 Tage unterwegs \u2013 zu einem vergleichsweise g\u00fcnstigen Preis. Die Jahreszeit ist hei\u00df \u2013 birgt aber den Vorteil, statt langer Warteschlangen drastisch weniger Menschen an den wichtigsten St\u00e4tten vorzufinden. Ich habe schon 4 Reisen im Juli erlebt \u2013 es ist (bei klimatisierten Bussen &amp; Hotel und direkt am See Genezareth) hei\u00df, aber wirklich \u201eaushaltbar\u201c. Und: G\u00fcnstiger ist es auch\u2026<\/p>\n<p>Selbst habe ich ein Monat in Jerusalem gearbeitet, 2 Gruppen begleitet, andere Reisen in dieses faszinierende Land erlebt: Es l\u00e4sst mich nicht mehr los: Das bewegte Treiben im Markt der Jerusalemer Altstadt (und da mitten d\u2019rin ist unser Hospiz), gem\u00fctliches Sitzen, Feiern und Baden an langen N\u00e4chten am See von Genezareth, Gebete und stille Momente im Garten Getsemani, intensiver Austausch mit anderen, das \u201ehebende\u201c Bad im Toten Meer, das Singen in Dominus Flevit, der Ausblick vom \u00d6sterreichischen Hospiz, die Tauferneuerung am Jordan, die morgendliche Wanderung durchs Taubental nach Magdala, das Gebet an der \u201eKlagemauer\u201c u. v. a. m. Und: Es macht da ganz einfach einen Unterschied, ob man einfach mit touristischen Augen oder als christliche Gruppe gemeinsam reflektierend, betend \u2013 und immer wieder kr\u00e4ftig feiernd unterwegs ist.<\/p>\n<p>Zum Thema \u201eSicherheit\u201c: Nat\u00fcrlich \u2013 es ist ein bewegtes, und immer wieder auch durch Gewalt gezeichnetes Land \u2013 schon tausende Jahre. Aber: Bei Reisen an jene St\u00e4tten, wo wir hinkommen, ist davon wenig zu merken. Und ganz pers\u00f6nlich: Ich habe mehrere Israel-Reisen erlebt \u2013 und kein einziges Mal wirklich Grund zur Sorge gehabt.<\/p>\n<p>Willkommen also, das gemeinsam zu erleben: Mit interessanten Eindr\u00fccken, gemeinsamem Gebet und Austausch, mit vergn\u00fcglichen Abenden und kulinarischen K\u00f6stlichkeiten, mit \u201eOstererlebnissen\u201c und dem Versprechen: Du wirst ver\u00e4ndert zur\u00fcckkehren \u2013 und ab jetzt die Bibel anders h\u00f6ren und erleben!<\/p>\n<p><u>Die Hard-Facts:<br \/>\n<\/u><strong>Reisezeit: 3. \u2013 11. 7. 2017<\/strong><br \/>\n<strong>Preis: \u20ac 1.490,-<\/strong>; das beinhaltet Flug (vorauss. Austrian), Unterkunft in Kibbutz am See Genezareth und im \u00d6sterr. Hospiz in Jerusalem \u2013 Doppelzimmer Bad\/Du\/WC, Halbpension, div. Besichtigungen &amp; Programm &amp; Reiseleitung &amp; Eintrittsgeb\u00fchren &amp; geistliches Programm\u00a0\u00a0\u00a0\u00a0\u00a0\u00a0\u00a0\u00a0\u00a0\u00a0\u00a0\u00a0\u00a0\u00a0\u00a0 Einbettzimmerzuschlag: \u20ac 399,-<br \/>\nReiseleitung: Karin Sailer (eine deutsche J\u00fcdin \u2013 die das \u201eeinfach toll macht\u201c); geistl. Leitung: Pfarrer Gerald Gump<\/p>\n<p><strong>Anmeldung bis 30. 11. 2016<\/strong> bei Pfarrer Gerald (p. A.: Pfarre St. Elisabeth)<br \/>\nWeitere <a href=\"http:\/\/www.thekla.at\/wien4mit5\/wp-content\/uploads\/2016\/09\/Pilgerreise_Folder-1.pdf\">Infos<\/a> (pdf, ca. 8,2 MB) &amp; <a href=\"http:\/\/www.thekla.at\/wien4mit5\/wp-content\/uploads\/2016\/09\/Anmeldeschein-1.pdf\">Anmeldeschein<\/a> (pdf, ca. 1,1 MB) in den Pfarrb\u00fcros und auf unserer gemeinsamen Pfarrhomepage!<\/p>\n<p style=\"text-align: center;\">Willkommen zu einem gemeinsamen Erlebnis!\u00a0\u00a0\u00a0\u00a0\u00a0\u00a0\u00a0\u00a0\u00a0\u00a0\u00a0\u00a0\u00a0\u00a0 Pfarrer Gerald Gump<\/p>\n<p><em>(entnommen: Pfarrbrief St. Elisabeth \u2013 September 2016)<\/em><\/p>\n<p>&nbsp;<\/p>\n","protected":false},"excerpt":{"rendered":"<p>Als Start in die \u201eGemeinsame Pfarre in mehreren Gemeinden\u201c: Willkommen zur Pilger-Reise ins Heilige Land unserer Pfarre zur Frohen Botschaft (St. Elisabeth, St. Florian, St. Karl, St. Thekla und Wieden\/Paulanerkirche) Willkommen, die gemeinsame Zeit als \u201ePfarre zur frohen Botschaft\u201c mit einer Pilgerreise zu beginnen! Wir werden zu den Grundst\u00e4tten unseres Glaubens reisen, das \u201e5. Evangelium\u201c &hellip; <a href=\"http:\/\/www.thekla.at\/wien4mit5\/?p=542\" class=\"more-link\"><span class=\"screen-reader-text\">&#8222;Willkommen zur Pilger-Reise ins Heilige Land&#8220; <\/span>weiterlesen<\/a><\/p>\n","protected":false},"author":1,"featured_media":0,"comment_status":"open","ping_status":"open","sticky":false,"template":"","format":"standard","meta":[],"categories":[1],"tags":[],"_links":{"self":[{"href":"http:\/\/www.thekla.at\/wien4mit5\/index.php?rest_route=\/wp\/v2\/posts\/542"}],"collection":[{"href":"http:\/\/www.thekla.at\/wien4mit5\/index.php?rest_route=\/wp\/v2\/posts"}],"about":[{"href":"http:\/\/www.thekla.at\/wien4mit5\/index.php?rest_route=\/wp\/v2\/types\/post"}],"author":[{"embeddable":true,"href":"http:\/\/www.thekla.at\/wien4mit5\/index.php?rest_route=\/wp\/v2\/users\/1"}],"replies":[{"embeddable":true,"href":"http:\/\/www.thekla.at\/wien4mit5\/index.php?rest_route=%2Fwp%2Fv2%2Fcomments&post=542"}],"version-history":[{"count":3,"href":"http:\/\/www.thekla.at\/wien4mit5\/index.php?rest_route=\/wp\/v2\/posts\/542\/revisions"}],"predecessor-version":[{"id":547,"href":"http:\/\/www.thekla.at\/wien4mit5\/index.php?rest_route=\/wp\/v2\/posts\/542\/revisions\/547"}],"wp:attachment":[{"href":"http:\/\/www.thekla.at\/wien4mit5\/index.php?rest_route=%2Fwp%2Fv2%2Fmedia&parent=542"}],"wp:term":[{"taxonomy":"category","embeddable":true,"href":"http:\/\/www.thekla.at\/wien4mit5\/index.php?rest_route=%2Fwp%2Fv2%2Fcategories&post=542"},{"taxonomy":"post_tag","embeddable":true,"href":"http:\/\/www.thekla.at\/wien4mit5\/index.php?rest_route=%2Fwp%2Fv2%2Ftags&post=542"}],"curies":[{"name":"wp","href":"https:\/\/api.w.org\/{rel}","templated":true}]}}